
        [{"@context":"https:\/\/schema.org\/","@type":"Article","@id":"https:\/\/www.scrs.cz\/praha-je-pro-zrizeni-sidla-spolecnosti-idealni\/#Article","mainEntityOfPage":"https:\/\/www.scrs.cz\/praha-je-pro-zrizeni-sidla-spolecnosti-idealni\/","headline":"Praha je pro z\u0159\u00edzen\u00ed s\u00eddla spole\u010dnosti ide\u00e1ln\u00ed","name":"Praha je pro z\u0159\u00edzen\u00ed s\u00eddla spole\u010dnosti ide\u00e1ln\u00ed","description":"Lid\u00e9, kte\u0159\u00ed \u017eij\u00ed cel\u00fd \u017eivot na venkov\u011b, jsou v kontaktu pouze s m\u00edstn\u00edmi obyvateli a jen ob\u010das zav\u00edtaj\u00ed do velk\u00e9ho m\u011bsta za kulturou, za n\u00e1kupy nebo za stavebn\u00edmi pam\u00e1tkami, si tam mohou p\u0159ipadat jako cizinci v jin\u00e9m st\u00e1t\u011b. A\u010dkoli jsou zvykl\u00ed, \u017ee se ve sv\u00e9 rodn\u00e9 obci na ulici b\u011b\u017en\u011b zdrav\u00ed se spolubydl\u00edc\u00edmi, v Praze","datePublished":"2024-06-10","dateModified":"2024-06-10","author":{"@type":"Person","@id":"https:\/\/www.scrs.cz\/author\/#Person","name":"","url":"https:\/\/www.scrs.cz\/author\/","identifier":1,"image":{"@type":"ImageObject","@id":"https:\/\/secure.gravatar.com\/avatar\/70bfba35016f640cc40a20bdb6eeeb519f15df7de2446955eee0a1f10ed86e77?s=96&d=mm&r=g","url":"https:\/\/secure.gravatar.com\/avatar\/70bfba35016f640cc40a20bdb6eeeb519f15df7de2446955eee0a1f10ed86e77?s=96&d=mm&r=g","height":96,"width":96}},"publisher":{"@type":"Organization","name":"scrs.cz","logo":{"@type":"ImageObject","@id":"\/logo.png","url":"\/logo.png","width":600,"height":60}},"image":{"@type":"ImageObject","@id":"https:\/\/www.scrs.cz\/wp-content\/uploads\/prague-6254050_640.jpg","url":"https:\/\/www.scrs.cz\/wp-content\/uploads\/prague-6254050_640.jpg","height":0,"width":0},"url":"https:\/\/www.scrs.cz\/praha-je-pro-zrizeni-sidla-spolecnosti-idealni\/","about":["Web"],"wordCount":421,"articleBody":"   Lid\u00e9, kte\u0159\u00ed \u017eij\u00ed cel\u00fd \u017eivot na venkov\u011b, jsou v kontaktu pouze s m\u00edstn\u00edmi obyvateli a jen ob\u010das zav\u00edtaj\u00ed do velk\u00e9ho m\u011bsta za kulturou, za n\u00e1kupy nebo za stavebn\u00edmi pam\u00e1tkami, si tam mohou p\u0159ipadat jako cizinci v jin\u00e9m st\u00e1t\u011b. A\u010dkoli jsou zvykl\u00ed, \u017ee se ve sv\u00e9 rodn\u00e9 obci na ulici b\u011b\u017en\u011b zdrav\u00ed se spolubydl\u00edc\u00edmi, v Praze v\u00e1m na pozdrav nikdo neodpov\u00ed a naopak si o v\u00e1s pomysl\u00ed, \u017ee jste snad utekli z psychiatrick\u00e9 l\u00e9\u010debny. Pra\u017esk\u00e1 anonymita m\u016f\u017ee takov\u00fdm lidem zpo\u010d\u00e1tku p\u0159ipadat n\u011bkdy a\u017e d\u011bsiv\u00e1 \u2013 statis\u00edce lid\u00ed na relativn\u011b mal\u00e9 plo\u0161e, a p\u0159esto si tu ka\u017ed\u00fd \u017eije na sv\u00e9m \u201ep\u00edse\u010dku\u201c \u2013 to se p\u0159ece mus\u00ed odrazit na jejich psychice, ale ono to m\u00e1 sv\u00e9 z\u0159eteln\u00e9 v\u00fdhody. Anonymn\u00ed prost\u0159ed\u00ed toti\u017e v\u00fdznamn\u011b anuluje lidskou z\u00e1vist, a to je n\u011bkdy skute\u010dn\u011b k nezaplacen\u00ed. Z\u00e1vist je velk\u00fdm nep\u0159\u00edtelem, a co dok\u00e1\u017ee, o tom se m\u016f\u017eete snadno p\u0159esv\u011bd\u010dit v poh\u00e1dce \u201eNesmrteln\u00e1 teta\u201c nebo ve filmu \u201eCo je doma, to se po\u010d\u00edt\u00e1, p\u00e1nov\u00e9\u201c. Jestli\u017ee si nap\u0159\u00edklad v Praze z\u0159\u00edd\u00edte virtu\u00e1ln\u00ed s\u00eddlo spole\u010dnosti https:\/\/www.profisidla.cz\/cs\/nase-sluzby\/poskytnuti-sidla-firmy\/a-15\/, m\u016f\u017eete o\u010dek\u00e1vat, \u017ee v\u00e1s tu nikdo nebude obt\u011b\u017eovat a zaj\u00edmat se o va\u0161e podnikatelsk\u00e9 pl\u00e1ny. Ka\u017ed\u00e9mu je tu v\u00e1\u0161 \u017eivot vysloven\u011b ukraden\u00fd, a tak se m\u016f\u017eete pln\u011b soust\u0159edit na v\u00e1\u0161 podnikatelsk\u00fd z\u00e1m\u011br. Virtu\u00e1ln\u00ed kancel\u00e1\u0159 \u2013 zna\u010dnou v\u00fdhodou virtu\u00e1ln\u00edch s\u00eddel firem je mo\u017enost vyu\u017e\u00edvat v reprezentativn\u00edm prost\u0159ed\u00ed re\u00e1lnou fyzickou kancel\u00e1\u0159, respektive zasedac\u00ed m\u00edstnost s kuchy\u0148kou a s toaletou. Pozvete si tam sv\u00e9 obchodn\u00ed partnery, sv\u00e9 kolegy \u010di zam\u011bstnance a m\u016f\u017eete tu projedn\u00e1vat ve\u0161ker\u00e9 administrativn\u00ed kroky, t\u00fdkaj\u00edc\u00ed se chodu firmy, p\u0159\u00edpadn\u011b i sv\u00e9 soukrom\u00e9 z\u00e1le\u017eitosti. Virtu\u00e1ln\u00ed kancel\u00e1\u0159e v Praze jsou dostate\u010dn\u011b reprezentativn\u00ed, aby se tu mohla uskute\u010dnit i z\u00e1sadn\u00ed jedn\u00e1n\u00ed, na nich\u017e stoj\u00ed a pad\u00e1 existence va\u0161eho firemn\u00edho uskupen\u00ed. M\u016f\u017eete si nav\u00edc b\u00fdt jisti, \u017ee tu budete m\u00edt dostate\u010dn\u00fd klid a prostor pro ve\u0161ker\u00e9 va\u0161e z\u00e1m\u011bry a pl\u00e1ny, a \u017ee tu nebude nikdo zasahovat do va\u0161eho soukrom\u00ed.                                                                                                                                                                                                                                                                                                                                                                                          5\/5 - (1 vote)        "},{"@context":"https:\/\/schema.org\/","@type":"BreadcrumbList","itemListElement":[{"@type":"ListItem","position":1,"name":"Praha je pro z\u0159\u00edzen\u00ed s\u00eddla spole\u010dnosti ide\u00e1ln\u00ed","item":"https:\/\/www.scrs.cz\/praha-je-pro-zrizeni-sidla-spolecnosti-idealni\/#breadcrumbitem"}]}]